{"id":33553,"date":"2025-05-15T13:11:13","date_gmt":"2025-05-15T13:11:13","guid":{"rendered":"https:\/\/www.fivecontinentseditions.com\/?p=33553"},"modified":"2025-05-15T13:12:01","modified_gmt":"2025-05-15T13:12:01","slug":"ghitta-carell-exposition","status":"publish","type":"post","link":"https:\/\/www.fivecontinentseditions.com\/fr\/ghitta-carell-exposition\/","title":{"rendered":"GHITTA CARELL | Exposition"},"content":{"rendered":"<p>L&rsquo;exposition \u00ab Ghitta Carell. Ritratti del Novecento \u00bb a \u00e9t\u00e9 inaugur\u00e9e \u00e0 la Villa Necchi Campiglio (FAI &#8211; Fondo per l&rsquo;Ambiente Italiano) \u00e0 Milan et sera visible jusqu&rsquo;au 12 octobre. Cet hommage rend hommage \u00e0 une figure marquante de la photographie du XX^e si\u00e8cle qui savait restituer, avec un regard attentif et une sensibilit\u00e9 rare, la complexit\u00e9 des visages et des identit\u00e9s ayant marqu\u00e9 l&rsquo;histoire de son temps.<\/p>\n<p>Le volume <em>Ghitta Carell\u2019s Portraits, We All Think of Ourselves As One Single Person but It\u2019s Not True,<\/em> publi\u00e9 en 2024 par 5 Continents Editions et dirig\u00e9 par Roberto Dulio et Maria Sica, est disponible \u00e0 la librairie de la Villa. Intitul\u00e9 en r\u00e9f\u00e9rence \u00e0 une c\u00e9l\u00e8bre r\u00e9plique tir\u00e9e de \u00ab Six personnages en qu\u00eate d&rsquo;auteur \u00bb de Pirandello, le livre approfondit la figure de Ghitta Carell (1899-1972), photographe d&rsquo;origine hongroise naturalis\u00e9e italienne. \u00c0 travers son objectif, elle a portraitur\u00e9 des acteurs, des intellectuels, des officiers, des repr\u00e9sentants de la bourgeoisie et des maisons royales.<\/p>\n<p>Carell intervenait avec pr\u00e9cision et d\u00e9licatesse sur ses photographies, enlevant les couches les plus ext\u00e9rieures de l&rsquo;image pour en r\u00e9v\u00e9ler l&rsquo;essence. Cette pratique de soustraction et de d\u00e9voilement se retrouve aussi bien dans les pages du volume que dans les portraits expos\u00e9s.<\/p>\n<p>&nbsp;<\/p>\n<p><a href=\"https:\/\/fondoambiente.it\/il-fai\/beni\/mostre\/2025-2\/ghitta-carell\/\" target=\"_blank\" rel=\"noopener\"><img loading=\"lazy\" decoding=\"async\" class=\"alignnone wp-image-33545 size-medium\" src=\"https:\/\/www.fivecontinentseditions.com\/wp-content\/uploads\/2025\/05\/IMG_9102-225x300.jpeg\" alt=\"\" width=\"225\" height=\"300\" srcset=\"https:\/\/www.fivecontinentseditions.com\/wp-content\/uploads\/2025\/05\/IMG_9102-225x300.jpeg 225w, https:\/\/www.fivecontinentseditions.com\/wp-content\/uploads\/2025\/05\/IMG_9102-768x1024.jpeg 768w, https:\/\/www.fivecontinentseditions.com\/wp-content\/uploads\/2025\/05\/IMG_9102-1152x1536.jpeg 1152w, https:\/\/www.fivecontinentseditions.com\/wp-content\/uploads\/2025\/05\/IMG_9102-rotated.jpeg 1536w, https:\/\/www.fivecontinentseditions.com\/wp-content\/uploads\/2025\/05\/IMG_9102-315x420.jpeg 315w, https:\/\/www.fivecontinentseditions.com\/wp-content\/uploads\/2025\/05\/IMG_9102-750x1000.jpeg 750w, https:\/\/www.fivecontinentseditions.com\/wp-content\/uploads\/2025\/05\/IMG_9102-600x800.jpeg 600w\" sizes=\"auto, (max-width: 225px) 100vw, 225px\" \/><\/a><\/p>\n","protected":false},"excerpt":{"rendered":"<p>L&rsquo;exposition \u00ab Ghitta Carell. Ritratti del Novecento \u00bb a \u00e9t\u00e9 inaugur\u00e9e \u00e0 la Villa Necchi Campiglio (FAI &#8211; Fondo per l&rsquo;Ambiente Italiano) \u00e0 Milan et sera visible jusqu&rsquo;au 12 octobre. Cet hommage rend hommage \u00e0 une figure marquante de la photographie du XX^e si\u00e8cle qui savait restituer, avec un regard attentif et une sensibilit\u00e9 rare,&hellip;<\/p>\n","protected":false},"author":2209,"featured_media":33543,"comment_status":"closed","ping_status":"closed","sticky":false,"template":"","format":"standard","meta":{"_acf_changed":false,"inline_featured_image":false,"footnotes":""},"categories":[89],"tags":[],"class_list":["post-33553","post","type-post","status-publish","format-standard","has-post-thumbnail","hentry","category-actualite","tipologia_articolo-exposition","category-89","description-off"],"acf":[],"_links":{"self":[{"href":"https:\/\/www.fivecontinentseditions.com\/fr\/wp-json\/wp\/v2\/posts\/33553","targetHints":{"allow":["GET"]}}],"collection":[{"href":"https:\/\/www.fivecontinentseditions.com\/fr\/wp-json\/wp\/v2\/posts"}],"about":[{"href":"https:\/\/www.fivecontinentseditions.com\/fr\/wp-json\/wp\/v2\/types\/post"}],"author":[{"embeddable":true,"href":"https:\/\/www.fivecontinentseditions.com\/fr\/wp-json\/wp\/v2\/users\/2209"}],"replies":[{"embeddable":true,"href":"https:\/\/www.fivecontinentseditions.com\/fr\/wp-json\/wp\/v2\/comments?post=33553"}],"version-history":[{"count":0,"href":"https:\/\/www.fivecontinentseditions.com\/fr\/wp-json\/wp\/v2\/posts\/33553\/revisions"}],"wp:featuredmedia":[{"embeddable":true,"href":"https:\/\/www.fivecontinentseditions.com\/fr\/wp-json\/wp\/v2\/media\/33543"}],"wp:attachment":[{"href":"https:\/\/www.fivecontinentseditions.com\/fr\/wp-json\/wp\/v2\/media?parent=33553"}],"wp:term":[{"taxonomy":"category","embeddable":true,"href":"https:\/\/www.fivecontinentseditions.com\/fr\/wp-json\/wp\/v2\/categories?post=33553"},{"taxonomy":"post_tag","embeddable":true,"href":"https:\/\/www.fivecontinentseditions.com\/fr\/wp-json\/wp\/v2\/tags?post=33553"}],"curies":[{"name":"wp","href":"https:\/\/api.w.org\/{rel}","templated":true}]}}